{"id":1486,"date":"2025-06-19T09:27:07","date_gmt":"2025-06-19T06:27:07","guid":{"rendered":"https:\/\/talendikeskus.ee\/?p=1486"},"modified":"2025-06-19T09:28:14","modified_gmt":"2025-06-19T06:28:14","slug":"suveseminar-2025","status":"publish","type":"post","link":"https:\/\/talendikeskus.ee\/index.php\/2025\/06\/19\/suveseminar-2025\/","title":{"rendered":"Suveseminar 2025"},"content":{"rendered":"<h2><strong>\u201eMitmekesised \u00f5pirajad andekuse toetamisel&#8221;<\/strong><\/h2>\n<p>15.augustil Viljandi Jakobsoni koolis (Riia mnt 91)<\/p>\n<p>Seminari ettekanded ja arutelud k\u00e4sitlevad mitteformaal\u00f5ppe ja formaal\u00f5ppe l\u00f5imimise erinevaid kogemusi ja arvestamise praktikaid, koolikorralduslikke aspekte, \u00f5petaja rolli, \u00f5ppija autonoomiat ja ennastjuhtivust jms. <strong>Seminar on tasuta, l\u00f5una omal kulul. Osalejatele koolitust\u00f5end<\/strong>.<\/p>\n<p><strong>Seminaril osalemiseks palume hiljemalt 28. juuliks registreeruda lingil <a href=\"https:\/\/forms.gle\/ZdgVvoShdKWjvYhD8\">https:\/\/forms.gle\/ZdgVvoShdKWjvYhD8<\/a><\/strong><\/p>\n<p>Teema valiku ajendiks on 1.septembrist kehtima hakkav PKGSi muudatus, mis kohustab koole arvestama mitteformaal\u00f5ppes saavutatud tulemusi formaal\u00f5ppe \u00f5ppekavades ja sellega seonduv (vt sellekohane artikkel <a href=\"https:\/\/opleht.ee\/2025\/05\/mida-miks-millal-%e2%9f%a9-suur-samm-oppijakeskse-hariduse-suunas-mitteformaalope-saab-tasemeoppe-osaks\/\">https:\/\/opleht.ee\/2025\/05\/mida-miks-millal-%e2%9f%a9-suur-samm-oppijakeskse-hariduse-suunas-mitteformaalope-saab-tasemeoppe-osaks\/<\/a>)<\/p>\n<p>Seminarile on oodatud nii need \u00f5ppeasutused, kus on vastav kogemus olemas kui ka need, kus alles hakatakse vastavaid muudatusi sisse viima.<\/p>\n<p><strong>Huviharidusasutustel ja noortekeskustel on v\u00f5imalus tulla v\u00e4lja oma tegevust tutvustavate postrite v\u00f5i reklaamidega. <\/strong>T\u00e4psema info saamiseks kontakt Viire Sepp (viire.sepp@ut.ee).<\/p>\n<p>T\u00e4pne kava saadetakse registreeritud osalejatele e-posti teel.<\/p>\n","protected":false},"excerpt":{"rendered":"<p>\u201eMitmekesised \u00f5pirajad andekuse toetamisel&#8221; 15.augustil Viljandi Jakobsoni koolis (Riia mnt 91) Seminari ettekanded ja arutelud k\u00e4sitlevad mitteformaal\u00f5ppe ja formaal\u00f5ppe l\u00f5imimise erinevaid kogemusi ja arvestamise praktikaid, koolikorralduslikke aspekte, \u00f5petaja rolli, \u00f5ppija autonoomiat ja ennastjuhtivust jms. Seminar on tasuta, l\u00f5una omal kulul. Osalejatele koolitust\u00f5end. Seminaril osalemiseks palume hiljemalt 28. juuliks registreeruda lingil https:\/\/forms.gle\/ZdgVvoShdKWjvYhD8 Teema valiku ajendiks on &hellip; <\/p>\n<p class=\"link-more\"><a href=\"https:\/\/talendikeskus.ee\/index.php\/2025\/06\/19\/suveseminar-2025\/\" class=\"more-link\">Continue reading<span class=\"screen-reader-text\"> &#8220;Suveseminar 2025&#8221;<\/span><\/a><\/p>\n","protected":false},"author":1,"featured_media":0,"comment_status":"closed","ping_status":"open","sticky":false,"template":"","format":"standard","meta":{"footnotes":""},"categories":[1],"tags":[],"class_list":["post-1486","post","type-post","status-publish","format-standard","hentry","category-maaratlemata"],"_links":{"self":[{"href":"https:\/\/talendikeskus.ee\/index.php\/wp-json\/wp\/v2\/posts\/1486","targetHints":{"allow":["GET"]}}],"collection":[{"href":"https:\/\/talendikeskus.ee\/index.php\/wp-json\/wp\/v2\/posts"}],"about":[{"href":"https:\/\/talendikeskus.ee\/index.php\/wp-json\/wp\/v2\/types\/post"}],"author":[{"embeddable":true,"href":"https:\/\/talendikeskus.ee\/index.php\/wp-json\/wp\/v2\/users\/1"}],"replies":[{"embeddable":true,"href":"https:\/\/talendikeskus.ee\/index.php\/wp-json\/wp\/v2\/comments?post=1486"}],"version-history":[{"count":3,"href":"https:\/\/talendikeskus.ee\/index.php\/wp-json\/wp\/v2\/posts\/1486\/revisions"}],"predecessor-version":[{"id":1489,"href":"https:\/\/talendikeskus.ee\/index.php\/wp-json\/wp\/v2\/posts\/1486\/revisions\/1489"}],"wp:attachment":[{"href":"https:\/\/talendikeskus.ee\/index.php\/wp-json\/wp\/v2\/media?parent=1486"}],"wp:term":[{"taxonomy":"category","embeddable":true,"href":"https:\/\/talendikeskus.ee\/index.php\/wp-json\/wp\/v2\/categories?post=1486"},{"taxonomy":"post_tag","embeddable":true,"href":"https:\/\/talendikeskus.ee\/index.php\/wp-json\/wp\/v2\/tags?post=1486"}],"curies":[{"name":"wp","href":"https:\/\/api.w.org\/{rel}","templated":true}]}}