{"id":213,"date":"2016-11-08T20:15:58","date_gmt":"2016-11-08T18:15:58","guid":{"rendered":"http:\/\/equfuba.havike.eenet.ee\/wordpress\/?p=213"},"modified":"2022-07-26T22:09:35","modified_gmt":"2022-07-26T19:09:35","slug":"projekti-marka-ja-toeta-lapse-andeid-seminar-tartus","status":"publish","type":"post","link":"https:\/\/talendikeskus.ee\/index.php\/2016\/11\/08\/projekti-marka-ja-toeta-lapse-andeid-seminar-tartus\/","title":{"rendered":"Projekti &#8220;M\u00e4rka ja toeta lapse andeid&#8221; seminar Tartus"},"content":{"rendered":"<p>MT\u00dc Eesti Talendikeskus projekti &#8220;M\u00e4rka ja toeta lapse andeid&#8221; Tartumaa ja L\u00f5una-Eesti piirkondlik seminar Tartus 8. novembril.<\/p>\n<p><!--more--><\/p>\n<p>Seminaril kontsentreerutakse intellektuaalselt andekate laste varase m\u00e4rkamise ja arengu toetamise temaatikale. Ootame seminarile eesk\u00e4tt koolieelses ja algkoolieas laste vanemaid koos lasteaia- ja klassi\u00f5petajatega.<br \/>\nEkspertidena osalevad seminaril<br \/>\n\u2022 Viire Sepp, raamatu \u201eAndekusest ja andekatest lastest\u201c autor<br \/>\n\u2022 avastus\u00f5ppe asjatundjad<br \/>\n\u2022 oma kogemusi on seminaril jagamas ka kahe praeguseks teismelise andeka noormehe vanemad<br \/>\n\u2022 enda vaatenurga toovad arutellu ka Eesti Aspergerite \u00dchingu liikmed ning Reggio Emilia pedagoogilise l\u00e4henemise toetajad<\/p>\n<p>Seminari eesm\u00e4rgiks on kujundada \u00fchine, m\u00f5ttevahetuses jagatud arusaam andekusest kui fenomenist, mis omakorda aitaks pere ja haridusasutus(t)e koost\u00f6\u00f6s leida parimaid viise andeka lapse arengu s\u00fcsteemseks toetamiseks.<br \/>\nSeminar toimub teisip\u00e4eval, 8.novembril algusega kell 16 Tartumaa Rajaleidja keskuse seminariruumis (Tartu, T\u00e4he 4, 5.korrus). Seminar kestab orienteeruvalt kl 18ni.<\/p>\n<p>Toetab Hasartm\u00e4ngun\u00f5ukogu.<br \/>\nT\u00e4name: SA Innove Tartumaa Rajaleidja keskus.<br \/>\nProjekti piirkondlikud seminarid toimuvad edaspidi ka Ida-Virumaal, J\u00e4rvamaal, Tallinnas ja Saaremaal.<\/p>\n<p>Vajalik on eelnev registreerumine hiljemalt 6.nov.<br \/>\nlingil\u00a0<a href=\"http:\/\/doodle.com\/poll\/38ha48eewnz24cmz\" rel=\"noopener nofollow\" data-ft=\"{&quot;tn&quot;:&quot;-U&quot;}\" data-lynx-mode=\"async\" data-lynx-uri=\"https:\/\/l.facebook.com\/l.php?u=http%3A%2F%2Fdoodle.com%2Fpoll%2F38ha48eewnz24cmz&amp;h=AT0FBEbyn3sdZfOQEpdLL7rkghCvLf--K2rN-JH5tDdikdkxxda_Xq5A3U0yFjvZpx-WYl-PNRlEOoZl8F7ni_TYoUOH87xTV0oNSLbarb_uv1ElbOMeCh72S6EQLtONDizzIr1Ot5sosiBZl26qaTZCYZKMN9adffwxTvnNOTajni2IcwpYZzd-5s4EFpi2DnyGeJcGjsRD4tqkmHdm4_oSkwrClriEQtBKXnEPiZpQXQvOXFQgcPaUsmixJyYRwi-sdmF7SmCoQiFJG0eKJAFrokTlzi6QHeyUtJECXIZhvQZC4k87RNJXvHYoVAtSKQSRSpTssegaFsS4s1Iaff2WukHKvJ0W173ap2fgNs8Y_QHGdBE8EOUlYmfnu3tMfyYZmnSxeIgJIDLU1-lG8xrlFCevdY27bnedBQ4-3cKLYPgMnDgl4H8NvV1yOCaSKdlkpFw7U6vB8huogp2JnUZ6fuqWeXLqw2tfG_ipamqXxYqljmcm8zRNuQaxDQ5JcgvZtIbvp_s6gThxgkBVwnIy3RVbk3CX_Kp_rWFRwWcsmhaAyYTcQ1nwxrC0AKaqe1bxQnoni4AXvXNxAIbV33LVC-jwIOfZHKxzSJQ6XDYBbEjlaM7XCwqGCvTxHbF-0D7QjCo-kKXVMYxbqFv0rR0XSiofCNrbhQ\">http:\/\/doodle.com\/poll\/38ha48eewnz24cmz<\/a><\/p>\n<p>&nbsp;<\/p>\n","protected":false},"excerpt":{"rendered":"<p>MT\u00dc Eesti Talendikeskus projekti &#8220;M\u00e4rka ja toeta lapse andeid&#8221; Tartumaa ja L\u00f5una-Eesti piirkondlik seminar Tartus 8. novembril.<\/p>\n","protected":false},"author":1,"featured_media":0,"comment_status":"closed","ping_status":"open","sticky":false,"template":"","format":"standard","meta":{"footnotes":""},"categories":[3],"tags":[],"class_list":["post-213","post","type-post","status-publish","format-standard","hentry","category-uudised"],"_links":{"self":[{"href":"https:\/\/talendikeskus.ee\/index.php\/wp-json\/wp\/v2\/posts\/213","targetHints":{"allow":["GET"]}}],"collection":[{"href":"https:\/\/talendikeskus.ee\/index.php\/wp-json\/wp\/v2\/posts"}],"about":[{"href":"https:\/\/talendikeskus.ee\/index.php\/wp-json\/wp\/v2\/types\/post"}],"author":[{"embeddable":true,"href":"https:\/\/talendikeskus.ee\/index.php\/wp-json\/wp\/v2\/users\/1"}],"replies":[{"embeddable":true,"href":"https:\/\/talendikeskus.ee\/index.php\/wp-json\/wp\/v2\/comments?post=213"}],"version-history":[{"count":3,"href":"https:\/\/talendikeskus.ee\/index.php\/wp-json\/wp\/v2\/posts\/213\/revisions"}],"predecessor-version":[{"id":439,"href":"https:\/\/talendikeskus.ee\/index.php\/wp-json\/wp\/v2\/posts\/213\/revisions\/439"}],"wp:attachment":[{"href":"https:\/\/talendikeskus.ee\/index.php\/wp-json\/wp\/v2\/media?parent=213"}],"wp:term":[{"taxonomy":"category","embeddable":true,"href":"https:\/\/talendikeskus.ee\/index.php\/wp-json\/wp\/v2\/categories?post=213"},{"taxonomy":"post_tag","embeddable":true,"href":"https:\/\/talendikeskus.ee\/index.php\/wp-json\/wp\/v2\/tags?post=213"}],"curies":[{"name":"wp","href":"https:\/\/api.w.org\/{rel}","templated":true}]}}