{"id":222,"date":"2017-05-29T16:19:27","date_gmt":"2017-05-29T13:19:27","guid":{"rendered":"http:\/\/equfuba.havike.eenet.ee\/wordpress\/?p=222"},"modified":"2022-07-26T22:09:34","modified_gmt":"2022-07-26T19:09:34","slug":"projekti-marka-ja-toeta-lapse-andeid-piirkondlik-seminar-ida-virumaal","status":"publish","type":"post","link":"https:\/\/talendikeskus.ee\/index.php\/2017\/05\/29\/projekti-marka-ja-toeta-lapse-andeid-piirkondlik-seminar-ida-virumaal\/","title":{"rendered":"Projekti \u201cM\u00e4rka ja toeta lapse andeid\u201d piirkondlik seminar Ida-Virumaal"},"content":{"rendered":"<p>MT\u00dc Eesti Talendikeskus n\u00f5uandeseminar &#8220;M\u00e4rka ja toeta lapse andeid&#8221; T\u00dc Narva Kolled\u017eis (Raekoja pl 2) esmasp\u00e4eval, 29.mail algusega kl 15- 18 Arutletakse teemal: millised on varased m\u00e4rgid lapse andekusest ja kuidas tema arengut toetada, jagatakse vastastikku kogemusi. Oodatud on lapsevanemad, lasteaia- ja klassi\u00f5petajad, ringijuhid jt huvilised. \u00dcritus on tasuta, toetab Hasartm\u00e4ngun\u00f5ukogu.<br \/>\nRegistreerimine kuni 26.maini <a href=\"https:\/\/goo.gl\/OesQpg?fbclid=IwAR1341QwZM7A0bihGBHZcELp2SPVj--_u-CgDApnSlgd14-_z1qoZHel3Vw\" rel=\"nofollow noopener\" data-lynx-mode=\"hover\" data-lynx-uri=\"https:\/\/l.facebook.com\/l.php?u=https%3A%2F%2Fgoo.gl%2FOesQpg%3Ffbclid%3DIwAR1341QwZM7A0bihGBHZcELp2SPVj--_u-CgDApnSlgd14-_z1qoZHel3Vw&amp;h=AT2lJJzNX-VKjlecUAE5LzBLkOC8nQkAPkTWJWYdjbYErncEDKeLu5bR35uC6PsFM1HhAB7k5Qxbj0k5CuGMxyW3-mHfPzpR7n6uSDyIGtL2ZFLMUl2BSAXF8aHyAwNH93nihnh3Ze_hLMy_NDVF\">https:\/\/goo.gl\/OesQpg<\/a><\/p>\n","protected":false},"excerpt":{"rendered":"<p>MT\u00dc Eesti Talendikeskus n\u00f5uandeseminar &#8220;M\u00e4rka ja toeta lapse andeid&#8221; T\u00dc Narva Kolled\u017eis (Raekoja pl 2) esmasp\u00e4eval, 29.mail algusega kl 15- 18 Arutletakse teemal: millised on varased m\u00e4rgid lapse andekusest ja kuidas tema arengut toetada, jagatakse vastastikku kogemusi. Oodatud on lapsevanemad, lasteaia- ja klassi\u00f5petajad, ringijuhid jt huvilised. \u00dcritus on tasuta, toetab Hasartm\u00e4ngun\u00f5ukogu. Registreerimine kuni 26.maini https:\/\/goo.gl\/OesQpg<\/p>\n","protected":false},"author":1,"featured_media":0,"comment_status":"closed","ping_status":"open","sticky":false,"template":"","format":"standard","meta":{"footnotes":""},"categories":[3],"tags":[],"class_list":["post-222","post","type-post","status-publish","format-standard","hentry","category-uudised"],"_links":{"self":[{"href":"https:\/\/talendikeskus.ee\/index.php\/wp-json\/wp\/v2\/posts\/222","targetHints":{"allow":["GET"]}}],"collection":[{"href":"https:\/\/talendikeskus.ee\/index.php\/wp-json\/wp\/v2\/posts"}],"about":[{"href":"https:\/\/talendikeskus.ee\/index.php\/wp-json\/wp\/v2\/types\/post"}],"author":[{"embeddable":true,"href":"https:\/\/talendikeskus.ee\/index.php\/wp-json\/wp\/v2\/users\/1"}],"replies":[{"embeddable":true,"href":"https:\/\/talendikeskus.ee\/index.php\/wp-json\/wp\/v2\/comments?post=222"}],"version-history":[{"count":2,"href":"https:\/\/talendikeskus.ee\/index.php\/wp-json\/wp\/v2\/posts\/222\/revisions"}],"predecessor-version":[{"id":440,"href":"https:\/\/talendikeskus.ee\/index.php\/wp-json\/wp\/v2\/posts\/222\/revisions\/440"}],"wp:attachment":[{"href":"https:\/\/talendikeskus.ee\/index.php\/wp-json\/wp\/v2\/media?parent=222"}],"wp:term":[{"taxonomy":"category","embeddable":true,"href":"https:\/\/talendikeskus.ee\/index.php\/wp-json\/wp\/v2\/categories?post=222"},{"taxonomy":"post_tag","embeddable":true,"href":"https:\/\/talendikeskus.ee\/index.php\/wp-json\/wp\/v2\/tags?post=222"}],"curies":[{"name":"wp","href":"https:\/\/api.w.org\/{rel}","templated":true}]}}