{"id":228,"date":"2017-10-30T13:09:45","date_gmt":"2017-10-30T11:09:45","guid":{"rendered":"http:\/\/equfuba.havike.eenet.ee\/wordpress\/?p=228"},"modified":"2022-07-26T22:09:34","modified_gmt":"2022-07-26T19:09:34","slug":"mtu-eesti-talendikeskus-osaleb-koostoopartnerina-kuressaare-gumnaasiumi-erasmus-strateegilise-koostoo-projektis","status":"publish","type":"post","link":"https:\/\/talendikeskus.ee\/index.php\/2017\/10\/30\/mtu-eesti-talendikeskus-osaleb-koostoopartnerina-kuressaare-gumnaasiumi-erasmus-strateegilise-koostoo-projektis\/","title":{"rendered":"MT\u00dc Eesti Talendikeskus osaleb koost\u00f6\u00f6partnerina Kuressaare G\u00fcmnaasiumi Erasmus+ strateegilise koost\u00f6\u00f6 projektis"},"content":{"rendered":"<p>Projekt \u201c Gifted and Talented Educational Support\u201d (GATES) keskendub andekate \u00f5pilaste arengu toetamise temaatikale. Eestlaste projektipartneriteks on koolid T\u00fcrgist, Hispaaniast, Poolast ja Leedust. Andekate \u00f5pilaste \u00e4ratundmiseks, hindamiseks ja potentsiaali avaldamiseks t\u00f6\u00f6tatakse kaheaastase koost\u00f6\u00f6 tulemusena v\u00e4lja t\u00f6\u00f6riistakohver nendega tegelemiseks.<\/p>\n<p>Kokku toimub viis projektijuhtide kohtumist ja viis n\u00e4dalapikkust \u00f5petajate koolitust partnerkoolides.\u00a0 2017 novembris toimuvat \u00f5petajate koolitust aitab ellu viia MT\u00dc Eesti Talendikeskus.<\/p>\n","protected":false},"excerpt":{"rendered":"<p>Projekt \u201c Gifted and Talented Educational Support\u201d (GATES) keskendub andekate \u00f5pilaste arengu toetamise temaatikale. Eestlaste projektipartneriteks on koolid T\u00fcrgist, Hispaaniast, Poolast ja Leedust. Andekate \u00f5pilaste \u00e4ratundmiseks, hindamiseks ja potentsiaali avaldamiseks t\u00f6\u00f6tatakse kaheaastase koost\u00f6\u00f6 tulemusena v\u00e4lja t\u00f6\u00f6riistakohver nendega tegelemiseks. Kokku toimub viis projektijuhtide kohtumist ja viis n\u00e4dalapikkust \u00f5petajate koolitust partnerkoolides.\u00a0 2017 novembris toimuvat \u00f5petajate koolitust aitab &hellip; <\/p>\n<p class=\"link-more\"><a href=\"https:\/\/talendikeskus.ee\/index.php\/2017\/10\/30\/mtu-eesti-talendikeskus-osaleb-koostoopartnerina-kuressaare-gumnaasiumi-erasmus-strateegilise-koostoo-projektis\/\" class=\"more-link\">Continue reading<span class=\"screen-reader-text\"> &#8220;MT\u00dc Eesti Talendikeskus osaleb koost\u00f6\u00f6partnerina Kuressaare G\u00fcmnaasiumi Erasmus+ strateegilise koost\u00f6\u00f6 projektis&#8221;<\/span><\/a><\/p>\n","protected":false},"author":1,"featured_media":0,"comment_status":"closed","ping_status":"open","sticky":false,"template":"","format":"standard","meta":{"footnotes":""},"categories":[3],"tags":[],"class_list":["post-228","post","type-post","status-publish","format-standard","hentry","category-uudised"],"_links":{"self":[{"href":"https:\/\/talendikeskus.ee\/index.php\/wp-json\/wp\/v2\/posts\/228","targetHints":{"allow":["GET"]}}],"collection":[{"href":"https:\/\/talendikeskus.ee\/index.php\/wp-json\/wp\/v2\/posts"}],"about":[{"href":"https:\/\/talendikeskus.ee\/index.php\/wp-json\/wp\/v2\/types\/post"}],"author":[{"embeddable":true,"href":"https:\/\/talendikeskus.ee\/index.php\/wp-json\/wp\/v2\/users\/1"}],"replies":[{"embeddable":true,"href":"https:\/\/talendikeskus.ee\/index.php\/wp-json\/wp\/v2\/comments?post=228"}],"version-history":[{"count":1,"href":"https:\/\/talendikeskus.ee\/index.php\/wp-json\/wp\/v2\/posts\/228\/revisions"}],"predecessor-version":[{"id":229,"href":"https:\/\/talendikeskus.ee\/index.php\/wp-json\/wp\/v2\/posts\/228\/revisions\/229"}],"wp:attachment":[{"href":"https:\/\/talendikeskus.ee\/index.php\/wp-json\/wp\/v2\/media?parent=228"}],"wp:term":[{"taxonomy":"category","embeddable":true,"href":"https:\/\/talendikeskus.ee\/index.php\/wp-json\/wp\/v2\/categories?post=228"},{"taxonomy":"post_tag","embeddable":true,"href":"https:\/\/talendikeskus.ee\/index.php\/wp-json\/wp\/v2\/tags?post=228"}],"curies":[{"name":"wp","href":"https:\/\/api.w.org\/{rel}","templated":true}]}}