{"id":237,"date":"2018-02-13T08:02:50","date_gmt":"2018-02-13T06:02:50","guid":{"rendered":"http:\/\/equfuba.havike.eenet.ee\/wordpress\/?p=237"},"modified":"2022-07-26T22:09:34","modified_gmt":"2022-07-26T19:09:34","slug":"5-veebruaril-toimus-talendikeskuse-vorgustikuseminar-tallinnas","status":"publish","type":"post","link":"https:\/\/talendikeskus.ee\/index.php\/2018\/02\/13\/5-veebruaril-toimus-talendikeskuse-vorgustikuseminar-tallinnas\/","title":{"rendered":"5. veebruaril toimus Talendikeskuse v\u00f5rgustikuseminar Tallinnas"},"content":{"rendered":"<p>Seminaril osalesid koolijuhid, \u00f5petajad, eripedagoogid ja lapsevanemad. Leiti, et Talendikeskuse p\u00f5hieesm\u00e4rgiks on andekusalase teadlikkuse t\u00f5stmine ning\u00a0 arutati, mida arvavad andekusest lapsed ja lapsevanemad.<\/p>\n<p>Seminaril esitletud slaide v\u00f5ib n\u00e4ha<strong> <a href=\"http:\/\/www.talendikeskus.ee\/wp-content\/uploads\/2018\/03\/MT\u00dc-esitlus.-_V\u00f5rgustiku-seminar-05.02.2018.Tallinn.pdf\">siit.<\/a><\/strong><\/p>\n","protected":false},"excerpt":{"rendered":"<p>Seminaril osalesid koolijuhid, \u00f5petajad, eripedagoogid ja lapsevanemad. Leiti, et Talendikeskuse p\u00f5hieesm\u00e4rgiks on andekusalase teadlikkuse t\u00f5stmine ning\u00a0 arutati, mida arvavad andekusest lapsed ja lapsevanemad. Seminaril esitletud slaide v\u00f5ib n\u00e4ha siit.<\/p>\n","protected":false},"author":1,"featured_media":0,"comment_status":"closed","ping_status":"open","sticky":false,"template":"","format":"standard","meta":{"footnotes":""},"categories":[3],"tags":[],"class_list":["post-237","post","type-post","status-publish","format-standard","hentry","category-uudised"],"_links":{"self":[{"href":"https:\/\/talendikeskus.ee\/index.php\/wp-json\/wp\/v2\/posts\/237","targetHints":{"allow":["GET"]}}],"collection":[{"href":"https:\/\/talendikeskus.ee\/index.php\/wp-json\/wp\/v2\/posts"}],"about":[{"href":"https:\/\/talendikeskus.ee\/index.php\/wp-json\/wp\/v2\/types\/post"}],"author":[{"embeddable":true,"href":"https:\/\/talendikeskus.ee\/index.php\/wp-json\/wp\/v2\/users\/1"}],"replies":[{"embeddable":true,"href":"https:\/\/talendikeskus.ee\/index.php\/wp-json\/wp\/v2\/comments?post=237"}],"version-history":[{"count":2,"href":"https:\/\/talendikeskus.ee\/index.php\/wp-json\/wp\/v2\/posts\/237\/revisions"}],"predecessor-version":[{"id":281,"href":"https:\/\/talendikeskus.ee\/index.php\/wp-json\/wp\/v2\/posts\/237\/revisions\/281"}],"wp:attachment":[{"href":"https:\/\/talendikeskus.ee\/index.php\/wp-json\/wp\/v2\/media?parent=237"}],"wp:term":[{"taxonomy":"category","embeddable":true,"href":"https:\/\/talendikeskus.ee\/index.php\/wp-json\/wp\/v2\/categories?post=237"},{"taxonomy":"post_tag","embeddable":true,"href":"https:\/\/talendikeskus.ee\/index.php\/wp-json\/wp\/v2\/tags?post=237"}],"curies":[{"name":"wp","href":"https:\/\/api.w.org\/{rel}","templated":true}]}}