{"id":911,"date":"2021-08-10T10:39:14","date_gmt":"2021-08-10T07:39:14","guid":{"rendered":"http:\/\/www.talendikeskus.ee\/?p=911"},"modified":"2022-07-26T22:09:33","modified_gmt":"2022-07-26T19:09:33","slug":"suveseminar-2021","status":"publish","type":"post","link":"https:\/\/talendikeskus.ee\/index.php\/2021\/08\/10\/suveseminar-2021\/","title":{"rendered":"Suveseminar 2021"},"content":{"rendered":"<h2><strong>Eesti Talendikeskuse suveseminar \u201cEt anded ei kuhtuks\u201d\u00a0\u00a0\u00a0\u00a0\u00a0<\/strong><\/h2>\n<p><em>26. august 2021, <\/em>P\u00e4rnu Raek\u00fcla kool (K\u00e4o 4)<\/p>\n<p>&nbsp;<\/p>\n<p>11.00\u00a0 Kogunemine ja registreerumine<\/p>\n<p>11.15 Sissejuhatus teemasse \u2013 <em>MT\u00dc juhatuse liige Viire Sepp<\/em><\/p>\n<p>11.20 Pererahva tervitus (ja kogemused t\u00f6\u00f6s andeka \u00f5ppijaga) \u2013 <em>Raek\u00fcla kooli direktor Liilia Oberg<\/em><\/p>\n<p>11.30 Laste ja noorte annete toetamise tegevuskava (visioon, hetkeseis, arengud )\u2013 <em>HTM noorte- ja andepoliitika osakonna peaekspert Marek J\u00e4rvik<\/em><\/p>\n<p>12.00 \u00a0Noppe\u00f5pe distants\u00f5ppe tingimustes\u00a0 \u2013 <em>Karin Konksi, Veeriku kooli klassi\u00f5petaja, programmi juht\u00f5petaja<\/em><\/p>\n<p>Distants\u00f5pe t\u00f5i noppe\u00f5ppe (ingl.k.<em>pull-out program<\/em>) l\u00e4biviimisesse mitmeid takistusi, kuid pakkus ka p\u00f5nevaid\u00a0 v\u00e4ljakutseid ja uusi v\u00f5imalusi.\u00a0Ettekanne reflekteerib Tartu Veeriku kooli esimese kooliastme matemaatikaalaselt v\u00f5imekate \u00f5pilaste noppetundide korraldamisel saadud kogemusi. Tutvustatakse esile kerkinud sisulisi ja korralduslikke probleeme ning anal\u00fc\u00fcsitakse v\u00f5imalusi noppe\u00f5ppe edasi- arendamiseks<\/p>\n<p>12.25 Tutvustame v\u00e4rsket doktorit\u00f6\u00f6d.\u00a0 Kuidas paremini motiveerida andekat \u00f5ppijat? \u2013 <em>Stanislav Nemerzhitski,\u00a0 Randvere kooli direktor<\/em><\/p>\n<p>Loovus kui arendatav ja omandatav omadus vajab motiveerimist. Ent kuidas teha seda kooli\u00a0 kontekstis? Mida saavad \u00f5petajad, lapsed ise, aga ka vanemad kodus teha, et noorte loovusele kaasa aidata?<\/p>\n<p>12.50 Sirutus- ja kohvipaus<\/p>\n<p>13.15 \u00a0Kui anded on\u00a0 muu erilisuse varjus: topelt-eriline ehk 2E laps\/\u00f5ppija &#8211; \u00a0<em>Liina Lokko, Varajase Kaasamise Keskuse rajaja, \u00a0sotsiaalministeeriumi erivajadustega laste poliitika juht; Viire Sepp, andekate hariduse ekspert<\/em><\/p>\n<p>Andekusse suhtumisega k\u00e4ivad sageli koos ka taolised arvamused: Andekas on andekas k\u00f5iges; Kui ta on nii andekas, siis kuidas ta ei oska \u201enormaalselt\u201c k\u00e4ituda? Kuidas saab olla andekas, aga kirjutada nii koledasti v\u00f5i valesti? \u00a0jms<\/p>\n<p>Kuidas m\u00e4rgata ja toetada niisuguseid \u00f5ppijaid, kelle andeid maskeerivad spetsiifilised\u00a0 \u00f5piraskused\u00a0 v\u00f5i muu ps\u00fc\u00fchiline v\u00f5i neuroloogiline erip\u00e4ra. Tutvustatakse 2E \u00f5ppija omadusi ning \u00a0antakse soovitusi nende toetamiseks klassis\/kodus.<\/p>\n<p>14.30 \u2013 16.00 Arutelu maailmakohvikus<\/p>\n<p>16.15 Arutelu kokkuv\u00f5te<\/p>\n<p>16.30 Talendit\u00e4ht 2021 v\u00e4ljakuulutamine<\/p>\n<p>Osav\u00f5tutasu 10 eur.<\/p>\n<h3>Suveseminari kokkuv\u00f5te ja ettekanded:<\/h3>\n<ul>\n<li><a href=\"http:\/\/www.talendikeskus.ee\/wp-content\/uploads\/2021\/08\/Suveseminar-2021-kokkuvo\u0303te-1.pdf\" target=\"_blank\" rel=\"attachment noopener wp-att-934 noreferrer\">Suveseminar 2021 kokkuvo\u0303te<\/a><\/li>\n<li>Karin Konksi: <a href=\"http:\/\/www.talendikeskus.ee\/index.php\/2021\/08\/10\/suveseminar-2021\/karin-konksi-suveseminar_2021\/\" target=\"_blank\" rel=\"attachment noopener wp-att-920 noreferrer\">Noppe\u00f5ppe v\u00e4ljakutsed ja v\u00e4ljavaated. Tartu Veeriku kooli kogemus<\/a><\/li>\n<li>Liina Lokko: <a href=\"http:\/\/www.talendikeskus.ee\/index.php\/2021\/08\/10\/suveseminar-2021\/liina-lokko-kui-anded-on-muu-erilisuse-varjus-talendiseminar-26-08-21\/\" target=\"_blank\" rel=\"attachment noopener wp-att-921 noreferrer\">Kui anded on muu erilisuse varjus<\/a><\/li>\n<li>Stanislav Nemerzhitski: <a href=\"http:\/\/www.talendikeskus.ee\/index.php\/2021\/08\/10\/suveseminar-2021\/stanislav-nemerzhitski-thesis_tutvustus_26aug2021\/\" target=\"_blank\" rel=\"attachment noopener wp-att-922 noreferrer\">Tingimused loovuse avaldumiseks Eesti koolis: \u00f5petajate ja \u00f5pilaste uskumused loovuse ja loova koolikliima kohta<\/a><\/li>\n<li>Marek Ja\u0308rvik: <a href=\"http:\/\/www.talendikeskus.ee\/wp-content\/uploads\/2021\/08\/Marek-Ja\u0308rvik.-Talendikeskus23.08.2021-1.pdf\" target=\"_blank\" rel=\"attachment noopener wp-att-937 noreferrer\">Laste ja noorte annete toetamise tegevuskava (hetkeseis, arengud, visioon)<\/a><\/li>\n<\/ul>\n<p>&nbsp;<\/p>\n","protected":false},"excerpt":{"rendered":"<p>Eesti Talendikeskuse suveseminar \u201cEt anded ei kuhtuks\u201d\u00a0\u00a0\u00a0\u00a0\u00a0 26. august 2021, P\u00e4rnu Raek\u00fcla kool (K\u00e4o 4) &nbsp; 11.00\u00a0 Kogunemine ja registreerumine 11.15 Sissejuhatus teemasse \u2013 MT\u00dc juhatuse liige Viire Sepp 11.20 Pererahva tervitus (ja kogemused t\u00f6\u00f6s andeka \u00f5ppijaga) \u2013 Raek\u00fcla kooli direktor Liilia Oberg 11.30 Laste ja noorte annete toetamise tegevuskava (visioon, hetkeseis, arengud )\u2013 HTM &hellip; <\/p>\n<p class=\"link-more\"><a href=\"https:\/\/talendikeskus.ee\/index.php\/2021\/08\/10\/suveseminar-2021\/\" class=\"more-link\">Continue reading<span class=\"screen-reader-text\"> &#8220;Suveseminar 2021&#8221;<\/span><\/a><\/p>\n","protected":false},"author":1,"featured_media":0,"comment_status":"closed","ping_status":"open","sticky":false,"template":"","format":"standard","meta":{"footnotes":""},"categories":[1],"tags":[],"class_list":["post-911","post","type-post","status-publish","format-standard","hentry","category-maaratlemata"],"_links":{"self":[{"href":"https:\/\/talendikeskus.ee\/index.php\/wp-json\/wp\/v2\/posts\/911","targetHints":{"allow":["GET"]}}],"collection":[{"href":"https:\/\/talendikeskus.ee\/index.php\/wp-json\/wp\/v2\/posts"}],"about":[{"href":"https:\/\/talendikeskus.ee\/index.php\/wp-json\/wp\/v2\/types\/post"}],"author":[{"embeddable":true,"href":"https:\/\/talendikeskus.ee\/index.php\/wp-json\/wp\/v2\/users\/1"}],"replies":[{"embeddable":true,"href":"https:\/\/talendikeskus.ee\/index.php\/wp-json\/wp\/v2\/comments?post=911"}],"version-history":[{"count":21,"href":"https:\/\/talendikeskus.ee\/index.php\/wp-json\/wp\/v2\/posts\/911\/revisions"}],"predecessor-version":[{"id":995,"href":"https:\/\/talendikeskus.ee\/index.php\/wp-json\/wp\/v2\/posts\/911\/revisions\/995"}],"wp:attachment":[{"href":"https:\/\/talendikeskus.ee\/index.php\/wp-json\/wp\/v2\/media?parent=911"}],"wp:term":[{"taxonomy":"category","embeddable":true,"href":"https:\/\/talendikeskus.ee\/index.php\/wp-json\/wp\/v2\/categories?post=911"},{"taxonomy":"post_tag","embeddable":true,"href":"https:\/\/talendikeskus.ee\/index.php\/wp-json\/wp\/v2\/tags?post=911"}],"curies":[{"name":"wp","href":"https:\/\/api.w.org\/{rel}","templated":true}]}}